[{"@context":"https:\/\/schema.org\/","@type":"Article","@id":"https:\/\/www.hallu.cz\/auta-me-bavi\/#Article","mainEntityOfPage":"https:\/\/www.hallu.cz\/auta-me-bavi\/","headline":"Auta m\u011b bav\u00ed","name":"Auta m\u011b bav\u00ed","description":"Mysl\u00edm si, \u017ee lid\u00e9, kte\u0159\u00ed maj\u00ed automobil, tak jsou na tom opravdu hodn\u011b dob\u0159e. A to si nemysl\u00edm, \u017ee by to bylo schv\u00e1ln\u011b, proto\u017ee opravdu hodn\u011b lid\u00ed si mysl\u00ed, \u017ee auto je tak moc praktick\u00e9, \u017ee by se u\u017e bez n\u011bj v\u016fbec neobe\u0161li. A tomuhle j\u00e1 asi d\u00e1v\u00e1m za pravdu, proto\u017ee j\u00e1 sice \u0159idi\u010dsk\u00fd pr\u016fkaz [&hellip;]","datePublished":"2023-03-10","dateModified":"2023-03-10","author":{"@type":"Person","@id":"https:\/\/www.hallu.cz\/author\/#Person","name":"","url":"https:\/\/www.hallu.cz\/author\/","identifier":1,"image":{"@type":"ImageObject","@id":"https:\/\/secure.gravatar.com\/avatar\/2b882a21216b34ba28e79730eea9356b725e9a0bf9885ae3bedd792ae606fb10?s=96&d=mm&r=g","url":"https:\/\/secure.gravatar.com\/avatar\/2b882a21216b34ba28e79730eea9356b725e9a0bf9885ae3bedd792ae606fb10?s=96&d=mm&r=g","height":96,"width":96}},"publisher":{"@type":"Organization","name":"hallu.cz","logo":{"@type":"ImageObject","@id":"\/logo.png","url":"\/logo.png","width":600,"height":60}},"image":{"@type":"ImageObject","@id":"https:\/\/www.hallu.cz\/wp-content\/uploads\/porsche-targa-1621744_960_720_1.jpg","url":"https:\/\/www.hallu.cz\/wp-content\/uploads\/porsche-targa-1621744_960_720_1.jpg","height":0,"width":0},"url":"https:\/\/www.hallu.cz\/auta-me-bavi\/","about":["Auto moto\r"],"wordCount":431,"articleBody":"Mysl\u00edm si, \u017ee lid\u00e9, kte\u0159\u00ed maj\u00ed automobil, tak jsou na tom opravdu hodn\u011b dob\u0159e. A to si nemysl\u00edm, \u017ee by to bylo schv\u00e1ln\u011b, proto\u017ee opravdu hodn\u011b lid\u00ed si mysl\u00ed, \u017ee auto je tak moc praktick\u00e9, \u017ee by se u\u017e bez n\u011bj v\u016fbec neobe\u0161li. A tomuhle j\u00e1 asi d\u00e1v\u00e1m za pravdu, proto\u017ee j\u00e1 sice \u0159idi\u010dsk\u00fd pr\u016fkaz nem\u00e1m, ale opravdu v\u00edm, \u017ee \u0159idi\u010dsk\u00fd pr\u016fkaz se v\u0161em vyplat\u00ed a j\u00e1 tak\u00e9 po n\u011bm moc tou\u017e\u00edm, ale m\u00e1m strach, \u017ee bych to nezvl\u00e1dla a neud\u011blal abych to. M\u016f\u017eete alespo\u0148 potom \u0159\u00eddit vlastn\u011b kdykoliv se v\u00e1m zachce. Proto\u017ee zn\u00e1m n\u011bkolik p\u0159\u00edpad\u016f, kdy t\u0159eba n\u011bkdo v rodin\u011b m\u00e1 \u0159idi\u010dsk\u00fd pr\u016fkaz, ale t\u0159eba ho v\u016fbec nebav\u00ed \u0159\u00eddit automobil.Tohle v\u016fbec nech\u00e1pu. V\u017edy\u0165\u00a0p\u0159eci, kdy\u017e n\u011bkoho v\u016fbec nebav\u00ed \u0159\u00eddit automobil, pro\u010d si po\u0159izuje \u0159idi\u010dsk\u00fd pr\u016fkaz? V\u017edycky jsem se tomu moc divila, ale nikdo mi nedal takovou odpov\u011b\u010f, kter\u00e1 by m\u011b uspokojila. Proto jsem si \u0159ekla, \u017ee nejlep\u0161\u00ed bude, kdy\u017e si o tom t\u0159eba promluv\u00edm se sv\u00fdm p\u0159\u00edtelem. Proto\u017ee m\u016fj p\u0159\u00edtel tak\u00e9 v\u017edycky cht\u011bl \u0159idi\u010dsk\u00fd pr\u016fkaz, ale nikdy si ho neud\u011blal, proto\u017ee on mi \u0159ekl, \u017ee by moc cht\u011bl \u0159\u00eddit automobil, kdy se mu zachce, ale ono by ho to pr\u00fd nebavilo. A abych se p\u0159iznala, tak jsem v\u016fbec nech\u00e1pala, co tohle m\u00e1 v\u016fbec za smysl d\u011blat si \u0159idi\u010dsk\u00fd pr\u016fkaz, kdy\u017e \u010dlov\u011bk potom nebude \u0159\u00eddit. Tak jsem se p\u0159\u00edtele zeptala, jak to v\u016fbec je, proto\u017ee mi to v\u016fbec ned\u00e1v\u00e1 \u017e\u00e1dnou logiku. A p\u0159\u00edtel mi \u0159ekl, \u017ee a\u0165 si ud\u011bl\u00e1m \u0159idi\u010dsk\u00fd pr\u016fkaz na automobil sama, proto\u017ee kdy\u017e m\u011b bav\u00ed \u0159\u00eddit automobil, \u017ee to pr\u00fd v\u0161echno bude a j\u00e1 ho budu vozit, co\u017e je pravda. Mo\u017en\u00e1 to ale bude ta nejlep\u0161\u00ed\u00a0volba. Chv\u00edli jsem p\u0159em\u00fd\u0161lela, a nakonec jsem dala p\u0159\u00edteli za pravdu. Kdy\u017e p\u0159\u00edtele v\u016fbec nebav\u00ed \u0159\u00eddit automobil, tak si \u0159idi\u010dsk\u00e9 opr\u00e1vn\u011bn\u00ed ud\u011bl\u00e1m j\u00e1 sama. A v\u00edte, jak to nakonec dopadlo? Docela vtipn\u011b. J\u00e1 jsem \u0159idi\u010d\u00e1k nakonec neud\u011blala, proto\u017ee jsem to neum\u011bla, zat\u00edmco m\u016fj p\u0159\u00edtel si ud\u011blal \u0159idi\u010d\u00e1k. A nakonec ho \u0159\u00edzen\u00ed\u00a0moc bav\u00ed, co\u017e jsem se\u00a0dost divila.\u00a0                                                                                                                                                                                                                                                                                                                                                                                        4.2\/5 - (4 votes)        "},{"@context":"https:\/\/schema.org\/","@type":"BreadcrumbList","itemListElement":[{"@type":"ListItem","position":1,"name":"Auta m\u011b bav\u00ed","item":"https:\/\/www.hallu.cz\/auta-me-bavi\/#breadcrumbitem"}]}]