[{"@context":"https:\/\/schema.org\/","@type":"Article","@id":"https:\/\/www.hallu.cz\/moderni-prace-aneb-jak-si-predstavit-novodobe-naborare\/#Article","mainEntityOfPage":"https:\/\/www.hallu.cz\/moderni-prace-aneb-jak-si-predstavit-novodobe-naborare\/","headline":"Modern\u00ed pr\u00e1ce aneb jak si p\u0159edstavit novodob\u00e9 n\u00e1bor\u00e1\u0159e?","name":"Modern\u00ed pr\u00e1ce aneb jak si p\u0159edstavit novodob\u00e9 n\u00e1bor\u00e1\u0159e?","description":"Obor person\u00e1ln\u00ed \u0159\u00edzen\u00ed za\u017e\u00edv\u00e1 v 21. stolet\u00ed&nbsp;obrovsk\u00fd rozmach. S t\u00edm se tak\u00e9 samoz\u0159ejm\u011b poj\u00ed p\u0159edstavy i perfektn\u00ed domn\u011bnky&nbsp;o osob\u011b, kter\u00e1 by tomuto \u0159emeslu m\u011bla rozum\u011bt nejl\u00e9pe, t\u00edm tedy nemysl\u00edm nikoho jin\u00e9ho ne\u017e samotn\u00e9ho personalistu. Osoba, jej\u00edm\u017e \u00fakolem nen\u00ed pouh\u00e9 \u0159\u00edzen\u00ed, organizov\u00e1n\u00ed nebo &#8211; pokud vezmu expresivn\u00ed p\u0159irovn\u00e1n\u00ed &#8211; porou\u010den\u00ed, proto\u017ee pokud budeme hovo\u0159it z m\u00edsta [&hellip;]","datePublished":"2017-08-30","dateModified":"2023-05-09","author":{"@type":"Person","@id":"https:\/\/www.hallu.cz\/author\/#Person","name":"","url":"https:\/\/www.hallu.cz\/author\/","identifier":1,"image":{"@type":"ImageObject","@id":"https:\/\/secure.gravatar.com\/avatar\/2b882a21216b34ba28e79730eea9356b725e9a0bf9885ae3bedd792ae606fb10?s=96&d=mm&r=g","url":"https:\/\/secure.gravatar.com\/avatar\/2b882a21216b34ba28e79730eea9356b725e9a0bf9885ae3bedd792ae606fb10?s=96&d=mm&r=g","height":96,"width":96}},"publisher":{"@type":"Organization","name":"hallu.cz","logo":{"@type":"ImageObject","@id":"\/logo.png","url":"\/logo.png","width":600,"height":60}},"image":{"@type":"ImageObject","@id":"https:\/\/www.hallu.cz\/wp-content\/uploads\/img_a299311_w1938_t1509376839.jpg","url":"https:\/\/www.hallu.cz\/wp-content\/uploads\/img_a299311_w1938_t1509376839.jpg","height":0,"width":0},"url":"https:\/\/www.hallu.cz\/moderni-prace-aneb-jak-si-predstavit-novodobe-naborare\/","about":["Podnik\u00e1n\u00ed"],"wordCount":383,"articleBody":"\tObor person\u00e1ln\u00ed \u0159\u00edzen\u00ed za\u017e\u00edv\u00e1 v 21. stolet\u00ed&nbsp;obrovsk\u00fd rozmach. S t\u00edm se tak\u00e9 samoz\u0159ejm\u011b poj\u00ed p\u0159edstavy i perfektn\u00ed domn\u011bnky&nbsp;o osob\u011b, kter\u00e1 by tomuto \u0159emeslu m\u011bla rozum\u011bt nejl\u00e9pe, t\u00edm tedy nemysl\u00edm nikoho jin\u00e9ho ne\u017e samotn\u00e9ho personalistu. Osoba, jej\u00edm\u017e \u00fakolem nen\u00ed pouh\u00e9 \u0159\u00edzen\u00ed, organizov\u00e1n\u00ed nebo &#8211; pokud vezmu expresivn\u00ed p\u0159irovn\u00e1n\u00ed &#8211; porou\u010den\u00ed, proto\u017ee pokud budeme hovo\u0159it z m\u00edsta t\u011bch, kte\u0159\u00ed nenarazili na profesion\u00e1ln\u00ed&nbsp;personalisty a jejich jedn\u00e1n\u00ed a zam\u011bstnanci maj\u00ed, bohu\u017eel, v hlav\u011b ji\u017e svoji pragmati\u010dnost, kterou t\u011b\u017eko m\u00e1me pr\u00e1vo n\u011bkomu z hlavy vyp\u00e1\u010dit, neud\u011bl\u00e1me zhola nic, abychom dok\u00e1zali tyto ubl\u00ed\u017een\u00e9 du\u0161e ukonej\u0161it a ujistit je, \u017ee se v podstat\u011b potkali s n\u011bk\u00fdm, kdo byl pouze panova\u010dn\u00fdm, a \u017ee s personalistikou m\u00e1 takto sm\u00fd\u0161lej\u00edc\u00ed \u010dlov\u011bk sotva co spole\u010dn\u00e9ho.\t&nbsp;\tVelk\u00e1 ot\u00e1zka, se kterou se budou muset pot\u00fdkatPersonalist\u00e9&nbsp;se v n\u00e1sleduj\u00edc\u00edch desetilet\u00edch budou muset za\u010d\u00edt zaob\u00edrat ot\u00e1zkou, jak vy\u0159e\u0161it zapln\u011bn\u00ed pracovn\u00edch m\u00edst \u010d\u00edm d\u00e1l, t\u00edm v\u00edce st\u00e1rnouc\u00ed populac\u00ed. Jejich st\u011b\u017eejn\u00edm \u00fakolem bude vym\u00fd\u0161len\u00ed podm\u00ednek&nbsp;a kompromis\u016f, d\u00edky kter\u00fdm udr\u017e\u00ed svoje zam\u011bstnance nad\u00e1le ve firm\u011b. Zm\u011bn\u00ed se tak celkov\u00e9 a obecn\u00e9 p\u0159\u00edstupy ke star\u0161\u00edm lidem, ke kter\u00fdm personalistika vzhl\u00ed\u017e\u00ed sp\u00ed\u0161e negativn\u011b?&nbsp;\t\tNevystudovan\u00ed jdou do personalistiky, vystudovan\u00ed jdou naopak pry\u010dM\u00e1lokdo, kdo vystuduje person\u00e1ln\u00ed \u0159\u00edzen\u00ed, nastupuje na m\u00edsto personalisty. B\u00fdv\u00e1 zvykem, \u017ee je personalista v podstat\u011b i mana\u017eerem, kter\u00fd proch\u00e1z\u00ed celou firmou a v podstat\u011b zde v\u0161echny zn\u00e1, \u0159\u00edd\u00ed, kontroluje, organizuje pr\u00e1ci, diskutuje s pracovn\u00edky jak na ni\u017e\u0161\u00edch, tak na vy\u0161\u0161\u00ed pozic\u00edch. \u010cinnost\u00ed, schopnost\u00ed, vlastnost\u00ed a n\u00e1rok\u016f na personalistu se u\u017e tak nach\u00e1z\u00ed mnoho. B\u00fdt t\u011blem a du\u0161\u00ed kousek psychologa, strat\u00e9ga, p\u0159\u00edtele, mana\u017eera, um\u011bt skloubit tyto vlastnosti a z\u00e1rove\u0148 je ji\u017e i m\u00edt a nad\u00e1le rozv\u00edjet &#8211; cel\u00fd tento proces a r\u016fst jedn\u00e9 osoby je relativn\u011b n\u00e1ro\u010dn\u00fd.&nbsp;                                                                                                                                                                                                                                                                                                                                                                                        4.5\/5 - (14 votes)        "},{"@context":"https:\/\/schema.org\/","@type":"BreadcrumbList","itemListElement":[{"@type":"ListItem","position":1,"name":"Modern\u00ed pr\u00e1ce aneb jak si p\u0159edstavit novodob\u00e9 n\u00e1bor\u00e1\u0159e?","item":"https:\/\/www.hallu.cz\/moderni-prace-aneb-jak-si-predstavit-novodobe-naborare\/#breadcrumbitem"}]}]