[{"@context":"https:\/\/schema.org\/","@type":"Article","@id":"https:\/\/www.hallu.cz\/na-vlnach-pohody\/#Article","mainEntityOfPage":"https:\/\/www.hallu.cz\/na-vlnach-pohody\/","headline":"Na vln\u00e1ch pohody","name":"Na vln\u00e1ch pohody","description":"\u00a0\u00a0\u00a0\u00a0\u00a0\u00a0\u00a0\u00a0\u00a0\u00a0\u00a0 Na Slovensku, v Pie\u0161\u0165anech a jejich okol\u00ed se v\u0161e to\u010d\u00ed okolo vody. Prot\u00e9k\u00e1 tudy nejdel\u0161\u00ed slovensk\u00e1 \u0159eka V\u00e1h, kter\u00e1 na jihov\u00fdchodn\u00edm okraji m\u011bsta z\u00edsk\u00e1v\u00e1 podobu n\u00e1dr\u017ee Sl\u0148ava. Sl\u0148ava l\u00e1k\u00e1 n\u00e1v\u0161t\u011bvn\u00edky k vodn\u00edm sport\u016fm nebo k leno\u0161en\u00ed na jej\u00edm pozvoln\u00e9m b\u0159ehu. Je tu tak\u00e9 \u0159ada l\u00e1ze\u0148sk\u00fdch pramen\u016f, kter\u00e9 Pie\u0161\u0165an\u016fm z\u00edskaly celosv\u011btovou proslulost. Proto do Pie\u0161\u0165an [&hellip;]","datePublished":"2020-09-06","dateModified":"2020-09-06","author":{"@type":"Person","@id":"https:\/\/www.hallu.cz\/author\/#Person","name":"","url":"https:\/\/www.hallu.cz\/author\/","identifier":1,"image":{"@type":"ImageObject","@id":"https:\/\/secure.gravatar.com\/avatar\/2b882a21216b34ba28e79730eea9356b725e9a0bf9885ae3bedd792ae606fb10?s=96&d=mm&r=g","url":"https:\/\/secure.gravatar.com\/avatar\/2b882a21216b34ba28e79730eea9356b725e9a0bf9885ae3bedd792ae606fb10?s=96&d=mm&r=g","height":96,"width":96}},"publisher":{"@type":"Organization","name":"hallu.cz","logo":{"@type":"ImageObject","@id":"\/logo.png","url":"\/logo.png","width":600,"height":60}},"url":"https:\/\/www.hallu.cz\/na-vlnach-pohody\/","wordCount":559,"articleBody":"\u00a0\u00a0\u00a0\u00a0\u00a0\u00a0\u00a0\u00a0\u00a0\u00a0\u00a0 Na Slovensku, v Pie\u0161\u0165anech a jejich okol\u00ed se v\u0161e to\u010d\u00ed okolo vody. Prot\u00e9k\u00e1 tudy nejdel\u0161\u00ed slovensk\u00e1 \u0159eka V\u00e1h, kter\u00e1 na jihov\u00fdchodn\u00edm okraji m\u011bsta z\u00edsk\u00e1v\u00e1 podobu n\u00e1dr\u017ee Sl\u0148ava. Sl\u0148ava l\u00e1k\u00e1 n\u00e1v\u0161t\u011bvn\u00edky k vodn\u00edm sport\u016fm nebo k leno\u0161en\u00ed na jej\u00edm pozvoln\u00e9m b\u0159ehu. Je tu tak\u00e9 \u0159ada l\u00e1ze\u0148sk\u00fdch pramen\u016f, kter\u00e9 Pie\u0161\u0165an\u016fm z\u00edskaly celosv\u011btovou proslulost. Proto do Pie\u0161\u0165an jezd\u00ed pacienti z cel\u00e9ho sv\u011bta za l\u00e9\u010dbou revmatick\u00fdch chorob i dal\u0161\u00edch pot\u00ed\u017e\u00ed.\u00a0\u00a0\u00a0\u00a0\u00a0\u00a0\u00a0\u00a0\u00a0\u00a0\u00a0 A v neposledn\u00ed \u0159ad\u011b tu stoj\u00ed zaj\u00edmav\u00fd komplex v\u00fdletn\u00edch apartm\u00e1n\u016f Vlnka. Do zdej\u0161\u00ed krajiny sv\u00fdm vlastn\u00edm zp\u016fsobem vn\u00e1\u0161ej\u00ed pl\u00e1\u017eovou atmosf\u00e9ru a iluzi mo\u0159e, kter\u00e9 zde chyb\u00ed.\u00a0\u00a0\u00a0\u00a0\u00a0\u00a0\u00a0\u00a0\u00a0\u00a0\u00a0\u00a0 Za n\u00e1padem vybudovat v Pie\u0161\u0165anech takov\u00e9 apartm\u00e1ny stoj\u00ed man\u017eel\u00e9 M\u00e1ria a Marek \u010culenovi a tak\u00e9 Mark\u016fv otec, kter\u00fd cel\u00fd projekt vymyslel. M\u00e1ria je zku\u0161en\u00e1 design\u00e9rka, kter\u00e1 pracuje mimo jin\u00e9 t\u0159eba se zna\u010dkami Lasvit nebo Bomma, Marek stoj\u00ed za hudebn\u00edm vydavatelstv\u00edm Starcastic, kter\u00e9 pe\u010duje o za\u010d\u00ednaj\u00edc\u00ed hv\u011bzdy stoj\u00edc\u00ed mimo st\u0159edn\u00ed proud.\u00a0\u00a0\u00a0\u00a0\u00a0\u00a0\u00a0\u00a0\u00a0\u00a0\u00a0 A kde brali tv\u016frci inspiraci? Vzhled zdej\u0161\u00ed apartm\u00e1ny \u010derpaj\u00ed ze Skandin\u00e1vie, odkud si berou p\u0159\u00edmo\u010darost, jednoduchost a prostotu. Naleznete tu sv\u011btl\u00e9 d\u0159evo, b\u00edl\u00e9 zdi a jednoduch\u00fd n\u00e1bytek, kter\u00fd pokoje opticky zatepluje. V pokoj\u00edch naleznete i odkaz na St\u0159edomo\u0159\u00ed, kter\u00e9 je tu c\u00edtit zejm\u00e9na v barv\u00e1ch, pruz\u00edch, dopl\u0148c\u00edch a dekorac\u00edch odkazuj\u00edc\u00edch na p\u0159\u00edmo\u0159sk\u00e9 scen\u00e9rie.\u00a0\u00a0\u00a0\u00a0\u00a0\u00a0\u00a0\u00a0\u00a0\u00a0\u00a0 P\u00e1tr\u00e1n\u00ed po zdroji inspiraci nen\u00ed v tomto p\u0159\u00edpad\u011b nijak komplikovan\u00e9. Marek \u010culen od narozen\u00ed vyr\u016fstal v lod\u011bnici pie\u0161\u0165ansk\u00e9ho jachtklubu. U\u017e jako mal\u00fd kluk z\u00e1vodn\u011b jezdil na plachetnic\u00edch a Sl\u0148ava byla jeho mo\u0159e. Pozd\u011bji se v\u011bnoval n\u00e1mo\u0159n\u00edmu jachtingu, ke kter\u00e9mu p\u0159ivedl i man\u017eelku. A proto\u017ee oba cht\u011bli kousek mo\u0159e p\u0159en\u00e9st i do Pie\u0161\u0165an, vytvo\u0159ili interi\u00e9ry Vlnky v marina stylu. A aby iluzi mo\u0159e opravdu nic nechyb\u011blo, doplnili komplex i o baz\u00e9n s mo\u0159skou vodou.\u00a0\u00a0\u00a0\u00a0\u00a0\u00a0\u00a0\u00a0\u00a0\u00a0\u00a0 Interi\u00e9ry v\u0161ech apartm\u00e1n\u016f navrhla M\u00e1ria, ale n\u011bkolika vlastn\u00edmi n\u00e1pady se zapojil i Marek. Majitel\u00e9 se p\u0159i za\u0159izov\u00e1n\u00ed soust\u0159edili nejen na celkov\u00e9 vyzn\u011bn\u00ed, ale velkou pozornost v\u011bnovali i detail\u016fm. \u010casto pak s\u00e1hli po alternativn\u00edm \u0159e\u0161en\u00ed, kter\u00e9 je zhotoven\u00e9 podom\u00e1cku a stoj\u00ed za n\u00edm p\u0159edev\u0161\u00edm jedine\u010dn\u00fd origin\u00e1ln\u00ed n\u00e1pad.\u00a0\u00a0\u00a0\u00a0\u00a0\u00a0\u00a0\u00a0\u00a0\u00a0\u00a0 Apartm\u00e1ny jsou vybaven\u00e9 tak, aby tu rodina, nebo skupina p\u0159\u00e1tel mohla pohodln\u011b str\u00e1vit cel\u00fd t\u00fdden a mimoto si i pohodln\u011b uva\u0159it. Zaj\u00edmav\u00e9 je, \u017ee v \u017e\u00e1dn\u00e9m z apartm\u00e1n\u016f nenajdete televizi. Je to z toho d\u016fvodu, \u017ee tv\u016frci cht\u011bli vytvo\u0159it m\u00edsto, kde budou lid\u00e9 odpo\u010d\u00edvat aktivn\u011b. Zaplavou si, vyraz\u00ed na kolech kolem Sl\u0148avy, zahraj\u00ed si tenis nebo p\u00e9ntaque. Budou pozn\u00e1vat okol\u00ed a ve\u010der posed\u00ed s rodinou nebo p\u0159\u00e1teli u lahve dobr\u00e9ho slovensk\u00e9ho v\u00edna. Tak k \u010demu televizor?                                                                                                                                                                                                                                                                                                                                                                                        5\/5 - (1 vote)        "},{"@context":"https:\/\/schema.org\/","@type":"BreadcrumbList","itemListElement":[{"@type":"ListItem","position":1,"name":"Na vln\u00e1ch pohody","item":"https:\/\/www.hallu.cz\/na-vlnach-pohody\/#breadcrumbitem"}]}]