[{"@context":"https:\/\/schema.org\/","@type":"Article","@id":"https:\/\/www.hallu.cz\/neco-co-nevymenite-za-nic-na-svete\/#Article","mainEntityOfPage":"https:\/\/www.hallu.cz\/neco-co-nevymenite-za-nic-na-svete\/","headline":"N\u011bco, co nevym\u011bn\u00edte za nic na sv\u011bt\u011b","name":"N\u011bco, co nevym\u011bn\u00edte za nic na sv\u011bt\u011b","description":"Kdy\u017e vzpom\u00edn\u00e1te na roky, kdy jste m\u011bli v\u0161ude doma dla\u017ebu, b\u011bh\u00e1 V\u00e1m mr\u00e1z po z\u00e1dech. Nejen kv\u016fli tomu, kdy\u017e si p\u0159edstav\u00edte, jak n\u00e1ro\u010dn\u00e9 bylo jej\u00ed pokl\u00e1d\u00e1n\u00ed a kolik nepo\u0159\u00e1dku kolem vzniklo, ale tak\u00e9 kv\u016fli Va\u0161im v\u011b\u010dn\u011b studen\u00fdm a zmrzl\u00fdm noh\u00e1m. A jakmile V\u00e1m na dla\u017ebu n\u011bco t\u011b\u017e\u0161\u00edho spadlo, hned se kousek u\u0161t\u00edpl, nedej bo\u017ee praskla [&hellip;]","datePublished":"2025-01-02","dateModified":"2025-01-02","author":{"@type":"Person","@id":"https:\/\/www.hallu.cz\/author\/#Person","name":"","url":"https:\/\/www.hallu.cz\/author\/","identifier":1,"image":{"@type":"ImageObject","@id":"https:\/\/secure.gravatar.com\/avatar\/2b882a21216b34ba28e79730eea9356b725e9a0bf9885ae3bedd792ae606fb10?s=96&d=mm&r=g","url":"https:\/\/secure.gravatar.com\/avatar\/2b882a21216b34ba28e79730eea9356b725e9a0bf9885ae3bedd792ae606fb10?s=96&d=mm&r=g","height":96,"width":96}},"publisher":{"@type":"Organization","name":"hallu.cz","logo":{"@type":"ImageObject","@id":"\/logo.png","url":"\/logo.png","width":600,"height":60}},"url":"https:\/\/www.hallu.cz\/neco-co-nevymenite-za-nic-na-svete\/","wordCount":187,"articleBody":"Kdy\u017e vzpom\u00edn\u00e1te na roky, kdy jste m\u011bli v\u0161ude doma dla\u017ebu, b\u011bh\u00e1 V\u00e1m mr\u00e1z po z\u00e1dech. Nejen kv\u016fli tomu, kdy\u017e si p\u0159edstav\u00edte, jak n\u00e1ro\u010dn\u00e9 bylo jej\u00ed pokl\u00e1d\u00e1n\u00ed a kolik nepo\u0159\u00e1dku kolem vzniklo, ale tak\u00e9 kv\u016fli Va\u0161im v\u011b\u010dn\u011b studen\u00fdm a zmrzl\u00fdm noh\u00e1m. A jakmile V\u00e1m na dla\u017ebu n\u011bco t\u011b\u017e\u0161\u00edho spadlo, hned se kousek u\u0161t\u00edpl, nedej bo\u017ee praskla cel\u00e1 dla\u017edice a Vy jste m\u011bli akor\u00e1t pr\u00e1ci s jej\u00edm vym\u011b\u0148ov\u00e1n\u00edm. Na\u0161t\u011bst\u00ed u\u017e jsou tyhle roky d\u00e1vno pry\u010d. Byla to ta spr\u00e1vn\u00e1 volba Te\u010f u\u017e nic takov\u00e9ho \u0159e\u0161it nemus\u00edte, a to proto, \u017ee doma m\u00e1te plovouc\u00ed podlahy. Jsou praktick\u00e9 na \u00fadr\u017ebu, jejich pokl\u00e1d\u00e1n\u00ed bylo jednoduch\u00e9 a V\u00e1\u0161 d\u016fm d\u00edky nim vypad\u00e1 p\u0159eci jenom o n\u011bco \u00fatuln\u011bji. Nav\u00edc u\u017e nemus\u00edte \u0159e\u0161it v\u011b\u010dn\u011b studen\u00e9 nohy. Dnes v\u00edte, \u017ee to byla spr\u00e1vn\u00e1 volba.                                                                                                                                                                                                                                                                                                                                                                                        5\/5 - (2 votes)        "},{"@context":"https:\/\/schema.org\/","@type":"BreadcrumbList","itemListElement":[{"@type":"ListItem","position":1,"name":"N\u011bco, co nevym\u011bn\u00edte za nic na sv\u011bt\u011b","item":"https:\/\/www.hallu.cz\/neco-co-nevymenite-za-nic-na-svete\/#breadcrumbitem"}]}]