[{"@context":"https:\/\/schema.org\/","@type":"Blog","@id":"https:\/\/www.hallu.cz#Blog","headline":"Hallu","description":"\n\u0158\u00edk\u00e1v\u00e1 se, \u017ee \u201e\u010d\u00ed chleba j\u00ed\u0161, toho p\u00edse\u0148 zp\u00edvej\u201c. Ale my na na\u0161em webu ni\u010d\u00ed pomysln\u00fd chleba nej\u00edme a proto v\u00e1m s n\u00e1mi bude zaru\u010den\u011b do zp\u011bvu.","url":"https:\/\/www.hallu.cz","hasPart":[{"@type":"Article","@id":"https:\/\/www.hallu.cz\/proc-byla-drive-detska-fletna-tak-oblibena\/","headline":"Pro\u010d byla d\u0159\u00edve d\u011btsk\u00e1 fl\u00e9tna tak obl\u00edben\u00e1","url":"https:\/\/www.hallu.cz\/proc-byla-drive-detska-fletna-tak-oblibena\/","datePublished":"2020-10-11","dateModified":"2023-05-09","mainEntityOfPage":"https:\/\/www.hallu.cz\/proc-byla-drive-detska-fletna-tak-oblibena\/","author":{"@type":"Person","@id":"https:\/\/www.hallu.cz\/author\/#Person","name":"","url":"https:\/\/www.hallu.cz\/author\/","identifier":1,"image":{"@type":"ImageObject","@id":"https:\/\/secure.gravatar.com\/avatar\/2b882a21216b34ba28e79730eea9356b725e9a0bf9885ae3bedd792ae606fb10?s=96&d=mm&r=g","url":"https:\/\/secure.gravatar.com\/avatar\/2b882a21216b34ba28e79730eea9356b725e9a0bf9885ae3bedd792ae606fb10?s=96&d=mm&r=g","height":96,"width":96}},"publisher":{"@type":"Organization","name":"hallu.cz","logo":{"@type":"ImageObject","@id":"\/logo.png","url":"\/logo.png","width":600,"height":60}},"image":{"@type":"ImageObject","@id":"https:\/\/www.hallu.cz\/wp-content\/uploads\/fletna1.jpg","url":"https:\/\/www.hallu.cz\/wp-content\/uploads\/fletna1.jpg","height":0,"width":0},"wordCount":700,"keywords":null},{"@type":"Article","@id":"https:\/\/www.hallu.cz\/prece-to-tak-snadno-nevzdate\/","headline":"P\u0159ece to tak snadno nevzd\u00e1te!","url":"https:\/\/www.hallu.cz\/prece-to-tak-snadno-nevzdate\/","datePublished":"2020-09-14","dateModified":"2023-05-09","mainEntityOfPage":"https:\/\/www.hallu.cz\/prece-to-tak-snadno-nevzdate\/","author":{"@type":"Person","@id":"https:\/\/www.hallu.cz\/author\/#Person","name":"","url":"https:\/\/www.hallu.cz\/author\/","identifier":1,"image":{"@type":"ImageObject","@id":"https:\/\/secure.gravatar.com\/avatar\/2b882a21216b34ba28e79730eea9356b725e9a0bf9885ae3bedd792ae606fb10?s=96&d=mm&r=g","url":"https:\/\/secure.gravatar.com\/avatar\/2b882a21216b34ba28e79730eea9356b725e9a0bf9885ae3bedd792ae606fb10?s=96&d=mm&r=g","height":96,"width":96}},"publisher":{"@type":"Organization","name":"hallu.cz","logo":{"@type":"ImageObject","@id":"\/logo.png","url":"\/logo.png","width":600,"height":60}},"image":{"@type":"ImageObject","@id":"https:\/\/www.hallu.cz\/wp-content\/uploads\/img_a307704_w2242_t1518957631.jpg","url":"https:\/\/www.hallu.cz\/wp-content\/uploads\/img_a307704_w2242_t1518957631.jpg","height":0,"width":0},"wordCount":629,"keywords":null},{"@type":"Article","@id":"https:\/\/www.hallu.cz\/bulvar-patri-do-zahonu\/","headline":"Bulv\u00e1r pat\u0159\u00ed do z\u00e1honu","url":"https:\/\/www.hallu.cz\/bulvar-patri-do-zahonu\/","datePublished":"2020-09-12","dateModified":"2023-05-09","mainEntityOfPage":"https:\/\/www.hallu.cz\/bulvar-patri-do-zahonu\/","author":{"@type":"Person","@id":"https:\/\/www.hallu.cz\/author\/#Person","name":"","url":"https:\/\/www.hallu.cz\/author\/","identifier":1,"image":{"@type":"ImageObject","@id":"https:\/\/secure.gravatar.com\/avatar\/2b882a21216b34ba28e79730eea9356b725e9a0bf9885ae3bedd792ae606fb10?s=96&d=mm&r=g","url":"https:\/\/secure.gravatar.com\/avatar\/2b882a21216b34ba28e79730eea9356b725e9a0bf9885ae3bedd792ae606fb10?s=96&d=mm&r=g","height":96,"width":96}},"publisher":{"@type":"Organization","name":"hallu.cz","logo":{"@type":"ImageObject","@id":"\/logo.png","url":"\/logo.png","width":600,"height":60}},"image":{"@type":"ImageObject","@id":"https:\/\/www.hallu.cz\/wp-content\/uploads\/img_a289613_w2171_t1501051637.jpg","url":"https:\/\/www.hallu.cz\/wp-content\/uploads\/img_a289613_w2171_t1501051637.jpg","height":0,"width":0},"wordCount":488,"keywords":null},{"@type":"Article","@id":"https:\/\/www.hallu.cz\/solarni-sprcha-na-zahradu\/","headline":"Sol\u00e1rn\u00ed sprcha na zahradu","url":"https:\/\/www.hallu.cz\/solarni-sprcha-na-zahradu\/","datePublished":"2020-09-09","dateModified":"2023-05-09","mainEntityOfPage":"https:\/\/www.hallu.cz\/solarni-sprcha-na-zahradu\/","author":{"@type":"Person","@id":"https:\/\/www.hallu.cz\/author\/#Person","name":"","url":"https:\/\/www.hallu.cz\/author\/","identifier":1,"image":{"@type":"ImageObject","@id":"https:\/\/secure.gravatar.com\/avatar\/2b882a21216b34ba28e79730eea9356b725e9a0bf9885ae3bedd792ae606fb10?s=96&d=mm&r=g","url":"https:\/\/secure.gravatar.com\/avatar\/2b882a21216b34ba28e79730eea9356b725e9a0bf9885ae3bedd792ae606fb10?s=96&d=mm&r=g","height":96,"width":96}},"publisher":{"@type":"Organization","name":"hallu.cz","logo":{"@type":"ImageObject","@id":"\/logo.png","url":"\/logo.png","width":600,"height":60}},"image":{"@type":"ImageObject","@id":"https:\/\/www.hallu.cz\/wp-content\/uploads\/rodinn%C3%BD%20d%C5%AFm.jpeg","url":"https:\/\/www.hallu.cz\/wp-content\/uploads\/rodinn%C3%BD%20d%C5%AFm.jpeg","height":0,"width":0},"wordCount":558,"keywords":null},{"@type":"Article","@id":"https:\/\/www.hallu.cz\/na-vlnach-pohody\/","headline":"Na vln\u00e1ch pohody","url":"https:\/\/www.hallu.cz\/na-vlnach-pohody\/","datePublished":"2020-09-06","dateModified":"2020-09-06","mainEntityOfPage":"https:\/\/www.hallu.cz\/na-vlnach-pohody\/","author":{"@type":"Person","@id":"https:\/\/www.hallu.cz\/author\/#Person","name":"","url":"https:\/\/www.hallu.cz\/author\/","identifier":1,"image":{"@type":"ImageObject","@id":"https:\/\/secure.gravatar.com\/avatar\/2b882a21216b34ba28e79730eea9356b725e9a0bf9885ae3bedd792ae606fb10?s=96&d=mm&r=g","url":"https:\/\/secure.gravatar.com\/avatar\/2b882a21216b34ba28e79730eea9356b725e9a0bf9885ae3bedd792ae606fb10?s=96&d=mm&r=g","height":96,"width":96}},"publisher":{"@type":"Organization","name":"hallu.cz","logo":{"@type":"ImageObject","@id":"\/logo.png","url":"\/logo.png","width":600,"height":60}},"image":null,"wordCount":612,"keywords":null},{"@type":"Article","@id":"https:\/\/www.hallu.cz\/palacinky-nemusi-byt-vysadou-nezdraveho-jidla\/","headline":"Pala\u010dinky nemus\u00ed b\u00fdt v\u00fdsadou nezdrav\u00e9ho j\u00eddla","url":"https:\/\/www.hallu.cz\/palacinky-nemusi-byt-vysadou-nezdraveho-jidla\/","datePublished":"2020-08-11","dateModified":"2023-05-09","mainEntityOfPage":"https:\/\/www.hallu.cz\/palacinky-nemusi-byt-vysadou-nezdraveho-jidla\/","author":{"@type":"Person","@id":"https:\/\/www.hallu.cz\/author\/#Person","name":"","url":"https:\/\/www.hallu.cz\/author\/","identifier":1,"image":{"@type":"ImageObject","@id":"https:\/\/secure.gravatar.com\/avatar\/2b882a21216b34ba28e79730eea9356b725e9a0bf9885ae3bedd792ae606fb10?s=96&d=mm&r=g","url":"https:\/\/secure.gravatar.com\/avatar\/2b882a21216b34ba28e79730eea9356b725e9a0bf9885ae3bedd792ae606fb10?s=96&d=mm&r=g","height":96,"width":96}},"publisher":{"@type":"Organization","name":"hallu.cz","logo":{"@type":"ImageObject","@id":"\/logo.png","url":"\/logo.png","width":600,"height":60}},"image":{"@type":"ImageObject","@id":"https:\/\/www.hallu.cz\/wp-content\/uploads\/serv%C3%ADrov%C3%A1n%C3%AD%20pala%C4%8Dinek.jpg","url":"https:\/\/www.hallu.cz\/wp-content\/uploads\/serv%C3%ADrov%C3%A1n%C3%AD%20pala%C4%8Dinek.jpg","height":0,"width":0},"wordCount":565,"keywords":null},{"@type":"Article","@id":"https:\/\/www.hallu.cz\/vztah-bez-sexu-neni-tim-pravym-orechovym\/","headline":"Vztah bez sexu nen\u00ed t\u00edm prav\u00fdm o\u0159echov\u00fdm","url":"https:\/\/www.hallu.cz\/vztah-bez-sexu-neni-tim-pravym-orechovym\/","datePublished":"2020-08-09","dateModified":"2023-09-11","mainEntityOfPage":"https:\/\/www.hallu.cz\/vztah-bez-sexu-neni-tim-pravym-orechovym\/","author":{"@type":"Person","@id":"https:\/\/www.hallu.cz\/author\/#Person","name":"","url":"https:\/\/www.hallu.cz\/author\/","identifier":1,"image":{"@type":"ImageObject","@id":"https:\/\/secure.gravatar.com\/avatar\/2b882a21216b34ba28e79730eea9356b725e9a0bf9885ae3bedd792ae606fb10?s=96&d=mm&r=g","url":"https:\/\/secure.gravatar.com\/avatar\/2b882a21216b34ba28e79730eea9356b725e9a0bf9885ae3bedd792ae606fb10?s=96&d=mm&r=g","height":96,"width":96}},"publisher":{"@type":"Organization","name":"hallu.cz","logo":{"@type":"ImageObject","@id":"\/logo.png","url":"\/logo.png","width":600,"height":60}},"image":{"@type":"ImageObject","@id":"https:\/\/www.hallu.cz\/wp-content\/uploads\/modr%C3%A9%20pilulky_3.jpg","url":"https:\/\/www.hallu.cz\/wp-content\/uploads\/modr%C3%A9%20pilulky_3.jpg","height":0,"width":0},"wordCount":876,"keywords":null},{"@type":"Article","@id":"https:\/\/www.hallu.cz\/dovolena-s-vozem-z-pujcovny-dodavek-praha-jako-zbran-proti-stresu\/","headline":"Dovolen\u00e1 s vozem z p\u016fj\u010dovny dod\u00e1vek Praha jako zbra\u0148 proti stresu","url":"https:\/\/www.hallu.cz\/dovolena-s-vozem-z-pujcovny-dodavek-praha-jako-zbran-proti-stresu\/","datePublished":"2020-07-14","dateModified":"2024-04-18","mainEntityOfPage":"https:\/\/www.hallu.cz\/dovolena-s-vozem-z-pujcovny-dodavek-praha-jako-zbran-proti-stresu\/","author":{"@type":"Person","@id":"https:\/\/www.hallu.cz\/author\/#Person","name":"","url":"https:\/\/www.hallu.cz\/author\/","identifier":1,"image":{"@type":"ImageObject","@id":"https:\/\/secure.gravatar.com\/avatar\/2b882a21216b34ba28e79730eea9356b725e9a0bf9885ae3bedd792ae606fb10?s=96&d=mm&r=g","url":"https:\/\/secure.gravatar.com\/avatar\/2b882a21216b34ba28e79730eea9356b725e9a0bf9885ae3bedd792ae606fb10?s=96&d=mm&r=g","height":96,"width":96}},"publisher":{"@type":"Organization","name":"hallu.cz","logo":{"@type":"ImageObject","@id":"\/logo.png","url":"\/logo.png","width":600,"height":60}},"image":{"@type":"ImageObject","@id":"https:\/\/www.hallu.cz\/wp-content\/uploads\/%C4%8Cesk%C3%A1%20Kanada.jpg","url":"https:\/\/www.hallu.cz\/wp-content\/uploads\/%C4%8Cesk%C3%A1%20Kanada.jpg","height":0,"width":0},"wordCount":988,"keywords":null},{"@type":"Article","@id":"https:\/\/www.hallu.cz\/vojteska-a-jeji-prospech-pro-nas-organismus\/","headline":"Vojt\u011b\u0161ka a jej\u00ed prosp\u011bch pro n\u00e1\u0161 organismus","url":"https:\/\/www.hallu.cz\/vojteska-a-jeji-prospech-pro-nas-organismus\/","datePublished":"2020-05-18","dateModified":"2023-05-09","mainEntityOfPage":"https:\/\/www.hallu.cz\/vojteska-a-jeji-prospech-pro-nas-organismus\/","author":{"@type":"Person","@id":"https:\/\/www.hallu.cz\/author\/#Person","name":"","url":"https:\/\/www.hallu.cz\/author\/","identifier":1,"image":{"@type":"ImageObject","@id":"https:\/\/secure.gravatar.com\/avatar\/2b882a21216b34ba28e79730eea9356b725e9a0bf9885ae3bedd792ae606fb10?s=96&d=mm&r=g","url":"https:\/\/secure.gravatar.com\/avatar\/2b882a21216b34ba28e79730eea9356b725e9a0bf9885ae3bedd792ae606fb10?s=96&d=mm&r=g","height":96,"width":96}},"publisher":{"@type":"Organization","name":"hallu.cz","logo":{"@type":"ImageObject","@id":"\/logo.png","url":"\/logo.png","width":600,"height":60}},"image":{"@type":"ImageObject","@id":"https:\/\/www.hallu.cz\/wp-content\/uploads\/tolice%20vojt%C4%9B%C5%A1ka_1.jpg","url":"https:\/\/www.hallu.cz\/wp-content\/uploads\/tolice%20vojt%C4%9B%C5%A1ka_1.jpg","height":0,"width":0},"wordCount":652,"keywords":null},{"@type":"Article","@id":"https:\/\/www.hallu.cz\/moderni-zpusob-organizace-kamionove-dopravy\/","headline":"Modern\u00ed zp\u016fsob organizace kamionov\u00e9 dopravy","url":"https:\/\/www.hallu.cz\/moderni-zpusob-organizace-kamionove-dopravy\/","datePublished":"2020-05-15","dateModified":"2023-05-09","mainEntityOfPage":"https:\/\/www.hallu.cz\/moderni-zpusob-organizace-kamionove-dopravy\/","author":{"@type":"Person","@id":"https:\/\/www.hallu.cz\/author\/#Person","name":"","url":"https:\/\/www.hallu.cz\/author\/","identifier":1,"image":{"@type":"ImageObject","@id":"https:\/\/secure.gravatar.com\/avatar\/2b882a21216b34ba28e79730eea9356b725e9a0bf9885ae3bedd792ae606fb10?s=96&d=mm&r=g","url":"https:\/\/secure.gravatar.com\/avatar\/2b882a21216b34ba28e79730eea9356b725e9a0bf9885ae3bedd792ae606fb10?s=96&d=mm&r=g","height":96,"width":96}},"publisher":{"@type":"Organization","name":"hallu.cz","logo":{"@type":"ImageObject","@id":"\/logo.png","url":"\/logo.png","width":600,"height":60}},"image":{"@type":"ImageObject","@id":"https:\/\/www.hallu.cz\/wp-content\/uploads\/%C4%8Derven%C3%BD%20kamion.jpg","url":"https:\/\/www.hallu.cz\/wp-content\/uploads\/%C4%8Derven%C3%BD%20kamion.jpg","height":0,"width":0},"wordCount":580,"keywords":null}]},{"@context":"https:\/\/schema.org","@type":"WebSite","@id":"https:\/\/www.hallu.cz\/#website","name":"Hallu","url":"https:\/\/www.hallu.cz","potentialAction":{"@type":"SearchAction","target":"https:\/\/www.hallu.cz\/?s={search_term_string}","query-input":"required name=search_term_string"}}]